{"id":5068,"date":"2024-11-18T08:17:45","date_gmt":"2024-11-18T08:17:45","guid":{"rendered":"https:\/\/gilles-nowacki.com\/?p=5068"},"modified":"2024-11-18T08:45:04","modified_gmt":"2024-11-18T08:45:04","slug":"pourquoi-jaime-orchestrer-une-communication-globale-360","status":"publish","type":"post","link":"https:\/\/gilles-nowacki.com\/?p=5068","title":{"rendered":"Pourquoi j\u2019aime orchestrer une communication globale 360\u00b0"},"content":{"rendered":"\n<p class=\"wp-block-paragraph\">G\u00e9rer une communication globale, c\u2019est un peu comme diriger un orchestre. Chaque \u00e9l\u00e9ment \u2013 le site web, les r\u00e9seaux sociaux, les campagnes emailings, les visuels \u2013 est un instrument qui joue une partition. Par-dessus tout, \u00eatre ce chef d\u2019orchestre, capable de transformer des id\u00e9es brutes en une symphonie coh\u00e9rente, captivante et percutante est extr\u00eamement stimulant.<\/p>\n\n\n\n<p class=\"wp-block-paragraph\">Cr\u00e9er une strat\u00e9gie de communication de A \u00e0 Z est une v\u00e9ritable aventure. Cela commence par une vision claire : comprendre les objectifs, le message \u00e0 transmettre, et surtout, les personnes \u00e0 toucher. Ensuite vient la phase de cr\u00e9ation, celle o\u00f9 mon esprit s\u2019emballe, o\u00f9 les id\u00e9es fusent. Penser \u00e0 un design accrocheur, inventer des accroches qui marquent, imaginer des formats innovants\u2026 Cette \u00e9tape est pour moi un terrain d\u2019expression sans limite.<\/p>\n\n\n\n<p class=\"wp-block-paragraph\">Mais ce que j\u2019appr\u00e9cie tout autant, c\u2019est la <strong>planification strat\u00e9gique<\/strong>. Concevoir une communication qui s\u2019inscrit dans le temps, sur le long, moyen et court terme, est un d\u00e9fi que je trouve incroyablement stimulant. Il ne s\u2019agit pas seulement de cr\u00e9er pour l\u2019instantan\u00e9, mais de construire une relation durable avec l\u2019audience. J\u2019aime alterner entre des actions imm\u00e9diates qui captent l\u2019attention et des initiatives \u00e0 long terme qui nourrissent une identit\u00e9 forte et une vision claire.<\/p>\n\n\n\n<p class=\"wp-block-paragraph\">La communication globale, c\u2019est l\u2019art d\u2019\u00eatre \u00e0 la fois dans l\u2019instant et dans l\u2019anticipation. Et c\u2019est pr\u00e9cis\u00e9ment cette dynamique, ce m\u00e9lange d\u2019\u00e9nergie cr\u00e9ative et de r\u00e9flexion strat\u00e9gique, qui me passionne et me motive au quotidien.<\/p>\n\n\n\n<p class=\"wp-block-paragraph\">Chaque projet est une page blanche, chaque campagne une nouvelle histoire \u00e0 raconter. Et moi, j\u2019aime plus que tout \u00e9crire ces histoires, les voir prendre vie et, surtout, les voir r\u00e9sonner.<\/p>\n","protected":false},"excerpt":{"rendered":"<p>G\u00e9rer une communication globale, c\u2019est un peu comme diriger un orchestre. Chaque \u00e9l\u00e9ment \u2013 le site web, les r\u00e9seaux sociaux, les campagnes emailings, les visuels \u2013 est un instrument qui joue une partition. Par-dessus tout, \u00eatre ce chef d\u2019orchestre, capable de transformer des id\u00e9es brutes en une symphonie coh\u00e9rente, captivante et percutante est extr\u00eamement stimulant. Cr\u00e9er une strat\u00e9gie de communication de A \u00e0 Z est une v\u00e9ritable aventure. Cela commence par une vision claire : comprendre les objectifs, le message \u00e0 transmettre, et surtout, les personnes \u00e0 toucher. Ensuite vient la phase de cr\u00e9ation, celle o\u00f9 mon esprit s\u2019emballe, o\u00f9 les id\u00e9es fusent. Penser \u00e0 un design accrocheur, inventer des accroches qui marquent, imaginer des formats innovants\u2026 Cette \u00e9tape est pour moi un terrain d\u2019expression sans limite. Mais ce que j\u2019appr\u00e9cie tout autant, c\u2019est la planification strat\u00e9gique. Concevoir une communication qui s\u2019inscrit dans le temps, sur le long, moyen et court terme, est un d\u00e9fi que je trouve incroyablement stimulant. Il ne s\u2019agit pas seulement de cr\u00e9er pour l\u2019instantan\u00e9, mais de construire une relation durable avec l\u2019audience. J\u2019aime alterner entre des actions imm\u00e9diates qui captent l\u2019attention et des initiatives \u00e0 long terme qui nourrissent une identit\u00e9 forte et une vision claire. La communication globale, c\u2019est l\u2019art d\u2019\u00eatre \u00e0 la fois dans l\u2019instant et dans l\u2019anticipation. Et c\u2019est pr\u00e9cis\u00e9ment cette dynamique, ce m\u00e9lange d\u2019\u00e9nergie cr\u00e9ative et de r\u00e9flexion strat\u00e9gique, qui me passionne et me motive au quotidien. Chaque projet est une page blanche, chaque campagne une nouvelle histoire \u00e0 raconter. Et moi, j\u2019aime plus que tout \u00e9crire ces histoires, les voir prendre vie et, surtout, les voir r\u00e9sonner.<\/p>\n","protected":false},"author":1,"featured_media":5074,"comment_status":"closed","ping_status":"closed","sticky":false,"template":"","format":"standard","meta":{"footnotes":""},"categories":[40],"tags":[],"class_list":["post-5068","post","type-post","status-publish","format-standard","has-post-thumbnail","hentry","category-dernieres-realisations"],"acf":[],"_links":{"self":[{"href":"https:\/\/gilles-nowacki.com\/index.php?rest_route=\/wp\/v2\/posts\/5068","targetHints":{"allow":["GET"]}}],"collection":[{"href":"https:\/\/gilles-nowacki.com\/index.php?rest_route=\/wp\/v2\/posts"}],"about":[{"href":"https:\/\/gilles-nowacki.com\/index.php?rest_route=\/wp\/v2\/types\/post"}],"author":[{"embeddable":true,"href":"https:\/\/gilles-nowacki.com\/index.php?rest_route=\/wp\/v2\/users\/1"}],"replies":[{"embeddable":true,"href":"https:\/\/gilles-nowacki.com\/index.php?rest_route=%2Fwp%2Fv2%2Fcomments&post=5068"}],"version-history":[{"count":1,"href":"https:\/\/gilles-nowacki.com\/index.php?rest_route=\/wp\/v2\/posts\/5068\/revisions"}],"predecessor-version":[{"id":5069,"href":"https:\/\/gilles-nowacki.com\/index.php?rest_route=\/wp\/v2\/posts\/5068\/revisions\/5069"}],"wp:featuredmedia":[{"embeddable":true,"href":"https:\/\/gilles-nowacki.com\/index.php?rest_route=\/wp\/v2\/media\/5074"}],"wp:attachment":[{"href":"https:\/\/gilles-nowacki.com\/index.php?rest_route=%2Fwp%2Fv2%2Fmedia&parent=5068"}],"wp:term":[{"taxonomy":"category","embeddable":true,"href":"https:\/\/gilles-nowacki.com\/index.php?rest_route=%2Fwp%2Fv2%2Fcategories&post=5068"},{"taxonomy":"post_tag","embeddable":true,"href":"https:\/\/gilles-nowacki.com\/index.php?rest_route=%2Fwp%2Fv2%2Ftags&post=5068"}],"curies":[{"name":"wp","href":"https:\/\/api.w.org\/{rel}","templated":true}]}}